{"id":5746,"date":"2021-11-03T17:12:42","date_gmt":"2021-11-03T14:12:42","guid":{"rendered":"https:\/\/civicspace.eu\/?p=5746"},"modified":"2022-01-18T13:31:11","modified_gmt":"2022-01-18T10:31:11","slug":"avrupa-birligi-tarafindan-finanse-sivil-buyu-taleplerinizi-bekliyor","status":"publish","type":"post","link":"https:\/\/civicspace.eu\/gr\/avrupa-birligi-tarafindan-finanse-sivil-buyu-taleplerinizi-bekliyor\/","title":{"rendered":"European Union Funded Grow Civic Awaits Your Requests!"},"content":{"rendered":"<p>Sivil B\u00fcy\u00fc 20 Ekim 2021 tarihi itibariyle sivil toplum \u00f6rg\u00fctleri (ST\u00d6&#8217;ler) ve aktivistlerin destek taleplerini almaya ba\u015flad\u0131.<\/p>\n\n\n\n<p>Proje ekibi, Sivil B\u00fcy\u00fc kapsam\u0131ndaki mevcut desteklere dair bilgi vermek amac\u0131yla ST\u00d6&#8217;ler ve aktivistler i\u00e7in iki \u00f6zel bilgilendirme toplant\u0131s\u0131 d\u00fczenledi. 21 Ekim\u2019de ger\u00e7ekle\u015fen toplant\u0131ya 43 ST\u00d6 temsilcisi kat\u0131l\u0131m g\u00f6sterirken, 26 Ekim\u2019de d\u00fczenlenen toplant\u0131ya ise 39 aktivist kat\u0131ld\u0131. Proje ekibi Sivil B\u00fcy\u00fc\u2019y\u00fc tan\u0131tt\u0131, mevcut destekler ile uygunluk kriterleri hakk\u0131nda detayl\u0131 bilgi verdi ve kat\u0131l\u0131mc\u0131lar\u0131n sorular\u0131n\u0131 yan\u0131tlad\u0131. Kat\u0131l\u0131mc\u0131lar ayn\u0131 zamanda daha \u00f6nce Sivil B\u00fcy\u00fc\u2019den destek alan iyi uygulama \u00f6rneklerini de dinleme f\u0131rsat\u0131 buldu.<br><br>Sivil B\u00fcy\u00fc,K\u0131br\u0131sl\u0131 T\u00fcrk ST\u00d6&#8217;ler ve aktivistler ile onlarla ortakl\u0131k yapan K\u0131br\u0131sl\u0131 Rum ST\u00d6\u2019ler ve aktivistler taraf\u0131ndan uygulanan \u00e7al\u0131\u015fmalar\u0131 desteklemektedir. Sivil B\u00fcy\u00fc, aktivistler, sivil toplum inisiyatifleri, platformlar, a\u011flar ve sivil toplum \u00f6rg\u00fctleri (ST\u00d6\u2019ler) taraf\u0131ndan y\u00fcr\u00fct\u00fclen, hak temelli ve kamu yarar\u0131n\u0131 g\u00f6zeten \u00e7al\u0131\u015fmalar\u0131 destekler. Sivil B\u00fcy\u00fc, 2016&#8217;dan bu yana \u00e7evre, sa\u011fl\u0131k, sanat, e\u011fitim, bar\u0131\u015f ve uzla\u015f\u0131, k\u00fclt\u00fcr, spor ve bir\u00e7ok farkl\u0131 konuda 92 \u00e7al\u0131\u015fma destekledi.<\/p>\n\n\n\n<p>Sivil B\u00fcy\u00fc, K\u0131br\u0131s T\u00fcrk toplumu i\u00e7in Yard\u0131m Program\u0131 kapsam\u0131nda Avrupa Birli\u011fi (AB) taraf\u0131ndan finanse edilen Sivil Alan projesi tarafindan y\u00fcr\u00fct\u00fclmektedir. Proje, K\u0131br\u0131s T\u00fcrk toplumunda sivil toplumun rol\u00fcn\u00fcn g\u00fc\u00e7lendirilmesi ve K\u0131br\u0131s T\u00fcrk ve K\u0131br\u0131s Rum toplumlar\u0131 aras\u0131nda g\u00fcven, diyalog, i\u015f birli\u011fi ve daha yak\u0131n ili\u015fkilerin geli\u015ftirilmesine katk\u0131da bulunmaktad\u0131r.<\/p>\n\n\n\n<p>Sivil B\u00fcy\u00fc hakk\u0131nda detayl\u0131 bilgi i\u00e7in : <a href=\"https:\/\/civicspace.eu\/gr\/sivil-buyu-destek-programi\/\" target=\"_blank\" rel=\"noreferrer noopener\">https:\/\/civicspace.eu\/sivil-buyu-destek-programi\/<\/a><\/p>\n\n\n\n<p>Sivil B\u00fcy\u00fc tan\u0131t\u0131m toplant\u0131lar\u0131 kay\u0131tlar\u0131:<\/p>\n\n\n\n<div class=\"wp-block-columns is-layout-flex wp-container-core-columns-is-layout-9d6595d7 wp-block-columns-is-layout-flex\">\n<div class=\"wp-block-column is-layout-flow wp-block-column-is-layout-flow\">\n<figure class=\"wp-block-embed is-type-video is-provider-youtube wp-block-embed-youtube wp-embed-aspect-16-9 wp-has-aspect-ratio\"><div class=\"wp-block-embed__wrapper\">\n<iframe title=\"Grow Civic Info Session for CSOs\" width=\"500\" height=\"281\" src=\"https:\/\/www.youtube.com\/embed\/8HkWhHD3YX4?feature=oembed\" frameborder=\"0\" allow=\"accelerometer; autoplay; clipboard-write; encrypted-media; gyroscope; picture-in-picture; web-share\" referrerpolicy=\"strict-origin-when-cross-origin\" allowfullscreen><\/iframe>\n<\/div><\/figure>\n\n\n\n<p><meta charset=\"utf-8\">ST\u00d6&#8217;ler i\u00e7in Sivil B\u00fcy\u00fc tan\u0131t\u0131m toplant\u0131s\u0131 (TR)<\/p>\n<\/div>\n\n\n\n<div class=\"wp-block-column is-layout-flow wp-block-column-is-layout-flow\">\n<figure class=\"wp-block-embed is-type-video is-provider-youtube wp-block-embed-youtube wp-embed-aspect-16-9 wp-has-aspect-ratio\"><div class=\"wp-block-embed__wrapper\">\n<iframe title=\"Aktivistler i\u00e7in Sivil B\u00fcy\u00fc tan\u0131t\u0131m toplant\u0131s\u0131\" width=\"500\" height=\"281\" src=\"https:\/\/www.youtube.com\/embed\/7lrzmswbUH4?feature=oembed\" frameborder=\"0\" allow=\"accelerometer; autoplay; clipboard-write; encrypted-media; gyroscope; picture-in-picture; web-share\" referrerpolicy=\"strict-origin-when-cross-origin\" allowfullscreen><\/iframe>\n<\/div><\/figure>\n\n\n\n<p><meta charset=\"utf-8\">Aktivistler i\u00e7in Sivil B\u00fcy\u00fc tan\u0131t\u0131m toplant\u0131s\u0131 (TR)<\/p>\n<\/div>\n\n\n\n<div class=\"wp-block-column is-layout-flow wp-block-column-is-layout-flow\">\n<figure class=\"wp-block-embed is-type-video is-provider-youtube wp-block-embed-youtube wp-embed-aspect-16-9 wp-has-aspect-ratio\"><div class=\"wp-block-embed__wrapper\">\n<iframe title=\"Grow civic info session for CSOs\" width=\"500\" height=\"281\" src=\"https:\/\/www.youtube.com\/embed\/q_H-o9ny8is?feature=oembed\" frameborder=\"0\" allow=\"accelerometer; autoplay; clipboard-write; encrypted-media; gyroscope; picture-in-picture; web-share\" referrerpolicy=\"strict-origin-when-cross-origin\" allowfullscreen><\/iframe>\n<\/div><\/figure>\n\n\n\n<p><meta charset=\"utf-8\">ST\u00d6&#8217;ler i\u00e7in Sivil B\u00fcy\u00fc tan\u0131t\u0131m toplant\u0131s\u0131 (EN)<\/p>\n<\/div>\n\n\n\n<div class=\"wp-block-column is-layout-flow wp-block-column-is-layout-flow\">\n<figure class=\"wp-block-embed is-type-video is-provider-youtube wp-block-embed-youtube wp-embed-aspect-16-9 wp-has-aspect-ratio\"><div class=\"wp-block-embed__wrapper\">\n<iframe title=\"Grow Civic info session for activists\" width=\"500\" height=\"281\" src=\"https:\/\/www.youtube.com\/embed\/_PMEDEUWaA4?feature=oembed\" frameborder=\"0\" allow=\"accelerometer; autoplay; clipboard-write; encrypted-media; gyroscope; picture-in-picture; web-share\" referrerpolicy=\"strict-origin-when-cross-origin\" allowfullscreen><\/iframe>\n<\/div><\/figure>\n\n\n\n<p>Aktivistler i\u00e7in Sivil B\u00fcy\u00fc tan\u0131t\u0131m toplant\u0131s\u0131 (EN)<\/p>\n<\/div>\n<\/div>\n\n\n\n<p><strong>Sivil Alan projesi kontakt bilgiler:<\/strong><\/p>\n\n\n\n<p>\u0397\u03bb\u03b5\u03ba\u03c4\u03c1\u03bf\u03bd\u03b9\u03ba\u03cc \u03a4\u03b1\u03c7\u03c5\u03b4\u03c1\u03bf\u03bc\u03b5\u03af\u03bf: <a href=\"mailto:info@civicspace.eu\" target=\"_blank\" rel=\"noreferrer noopener\">info@civicspace.eu<\/a><br>Telefon: +90 392 227 6505<br>&nbsp;&nbsp;&nbsp;&nbsp;&nbsp;&nbsp;&nbsp;&nbsp;&nbsp;&nbsp;&nbsp; &nbsp;  +90 533 833 7950 (WhatsApp)<br><a href=\"https:\/\/civicspace.eu\/gr\/\"><strong>www.civicspace.eu<\/strong><\/a><\/p>\n\n\n\n<p><strong>Sosyal medya hesaplar\u0131:<\/strong><\/p>\n\n\n\n<ul class=\"wp-block-list\"><li><strong>Instagram:<\/strong> <a href=\"https:\/\/instagram.com\/civicspaceeu\" target=\"_blank\" rel=\"noreferrer noopener\">https:\/\/instagram.com\/civicspaceeu<\/a>&nbsp;&nbsp;&nbsp;&nbsp;&nbsp;&nbsp;&nbsp;&nbsp;&nbsp;&nbsp;&nbsp;&nbsp;&nbsp; &nbsp;&nbsp;&nbsp;&nbsp;&nbsp;&nbsp;&nbsp;&nbsp;&nbsp;&nbsp;&nbsp;&nbsp;&nbsp;<\/li><li><strong>Facebook<\/strong>: <a href=\"https:\/\/www.facebook.com\/civicspaceeu\" target=\"_blank\" rel=\"noreferrer noopener\">https:\/\/www.facebook.com\/civicspaceeu&nbsp;&nbsp;&nbsp;<\/a>&nbsp;<\/li><li><strong>Twitter<\/strong>: <a href=\"https:\/\/www.twitter.com\/civicspaceeu\/\" target=\"_blank\" rel=\"noreferrer noopener\">https:\/\/www.twitter.com\/civicspaceeu\/<\/a>&nbsp;&nbsp;&nbsp;&nbsp;&nbsp;&nbsp;&nbsp;&nbsp;&nbsp;&nbsp;&nbsp;&nbsp;&nbsp;&nbsp;<\/li><li><strong>LinkedIn: <\/strong><a href=\"https:\/\/www.linkedin.com\/company\/civicspaceeu\" target=\"_blank\" rel=\"noreferrer noopener\">https:\/\/www.linkedin.com\/company\/civicspaceeu<\/a>&nbsp;&nbsp;&nbsp;&nbsp;&nbsp;<\/li><li><strong>YouTube<\/strong>: <a href=\"https:\/\/www.youtube.com\/c\/civicspaceeu\" target=\"_blank\" rel=\"noreferrer noopener\">https:\/\/www.youtube.com\/c\/civicspaceeu<\/a>&nbsp;&nbsp;&nbsp;&nbsp;<\/li><\/ul>","protected":false},"excerpt":{"rendered":"<p>Sivil B\u00fcy\u00fc 20 Ekim 2021 tarihi itibariyle sivil toplum \u00f6rg\u00fctleri (ST\u00d6&#8217;ler) ve aktivistlerin destek taleplerini almaya ba\u015flad\u0131. Proje ekibi, Sivil B\u00fcy\u00fc kapsam\u0131ndaki mevcut desteklere dair bilgi vermek amac\u0131yla ST\u00d6&#8217;ler ve&hellip;<\/p>","protected":false},"author":17,"featured_media":5500,"comment_status":"closed","ping_status":"closed","sticky":false,"template":"","format":"standard","meta":{"_acf_changed":false,"footnotes":""},"categories":[2],"tags":[],"sto_cats":[],"sto_thematicfields":[],"sto_thematicfields2":[],"sto_regions":[],"sto_countries":[],"class_list":["post-5746","post","type-post","status-publish","format-standard","has-post-thumbnail","hentry","category-haberler"],"acf":[],"_links":{"self":[{"href":"https:\/\/civicspace.eu\/gr\/wp-json\/wp\/v2\/posts\/5746","targetHints":{"allow":["GET"]}}],"collection":[{"href":"https:\/\/civicspace.eu\/gr\/wp-json\/wp\/v2\/posts"}],"about":[{"href":"https:\/\/civicspace.eu\/gr\/wp-json\/wp\/v2\/types\/post"}],"author":[{"embeddable":true,"href":"https:\/\/civicspace.eu\/gr\/wp-json\/wp\/v2\/users\/17"}],"replies":[{"embeddable":true,"href":"https:\/\/civicspace.eu\/gr\/wp-json\/wp\/v2\/comments?post=5746"}],"version-history":[{"count":8,"href":"https:\/\/civicspace.eu\/gr\/wp-json\/wp\/v2\/posts\/5746\/revisions"}],"predecessor-version":[{"id":6460,"href":"https:\/\/civicspace.eu\/gr\/wp-json\/wp\/v2\/posts\/5746\/revisions\/6460"}],"wp:featuredmedia":[{"embeddable":true,"href":"https:\/\/civicspace.eu\/gr\/wp-json\/wp\/v2\/media\/5500"}],"wp:attachment":[{"href":"https:\/\/civicspace.eu\/gr\/wp-json\/wp\/v2\/media?parent=5746"}],"wp:term":[{"taxonomy":"category","embeddable":true,"href":"https:\/\/civicspace.eu\/gr\/wp-json\/wp\/v2\/categories?post=5746"},{"taxonomy":"post_tag","embeddable":true,"href":"https:\/\/civicspace.eu\/gr\/wp-json\/wp\/v2\/tags?post=5746"},{"taxonomy":"sto_cats","embeddable":true,"href":"https:\/\/civicspace.eu\/gr\/wp-json\/wp\/v2\/sto_cats?post=5746"},{"taxonomy":"sto_thematicfields","embeddable":true,"href":"https:\/\/civicspace.eu\/gr\/wp-json\/wp\/v2\/sto_thematicfields?post=5746"},{"taxonomy":"sto_thematicfields2","embeddable":true,"href":"https:\/\/civicspace.eu\/gr\/wp-json\/wp\/v2\/sto_thematicfields2?post=5746"},{"taxonomy":"sto_regions","embeddable":true,"href":"https:\/\/civicspace.eu\/gr\/wp-json\/wp\/v2\/sto_regions?post=5746"},{"taxonomy":"sto_countries","embeddable":true,"href":"https:\/\/civicspace.eu\/gr\/wp-json\/wp\/v2\/sto_countries?post=5746"}],"curies":[{"name":"wp","href":"https:\/\/api.w.org\/{rel}","templated":true}]}}