{"id":615,"date":"2021-06-26T15:47:38","date_gmt":"2021-06-26T12:47:38","guid":{"rendered":"https:\/\/cagrioner.com\/sivilalan\/?p=615"},"modified":"2023-09-05T17:57:19","modified_gmt":"2023-09-05T14:57:19","slug":"evrim-paker","status":"publish","type":"post","link":"https:\/\/civicspace.eu\/gr\/evrim-paker\/","title":{"rendered":"Evrim Peker"},"content":{"rendered":"<p>Uluslararas\u0131 kalk\u0131nma i\u015fbirli\u011fi alan\u0131nda 20 y\u0131ldan fazla deneyime sahip olan Evrim Peker, Filistin, Fas, Benin, Gabon, Mali ve Kongo Demokratik Cumhuriyeti gibi \u00fclkelerde \u00e7al\u0131\u015fm\u0131\u015ft\u0131r. Bel\u00e7ika vatanda\u015f\u0131 olan ve Frans\u0131zca, T\u00fcrk\u00e7e ve \u0130ngilizce dillerini bilen Evrim, 2007 y\u0131l\u0131ndan beri Avrupa Birli\u011fi ile uzun s\u00fcreli projelerde tak\u0131m lideri olarak \u00e7al\u0131\u015fm\u0131\u015f ve bu s\u00fcre\u00e7te operasyonel y\u00f6netimi \u00fcstlenmi\u015f, liderlik, e\u015fg\u00fcd\u00fcm ve teknik destek sa\u011flayarak genel kalite uygulamalar\u0131n\u0131n hayata ge\u00e7mesini sa\u011flam\u0131\u015ft\u0131r. Evrim sivil toplumun geli\u015ftirilmesi, toplumsal cinsiyet e\u015fitli\u011fi, insan ticareti ile m\u00fccadele, \u00e7ocuk haklar\u0131, adalet ve kamu maliyesi konular\u0131nda uzmanla\u015fm\u0131\u015ft\u0131r.&nbsp;<\/p>\n\n\n\n<p>\u0397 Evrim \u03b4\u03b9\u03b1\u03b8\u03ad\u03c4\u03b5\u03b9 \u03b5\u03ba\u03c4\u03b5\u03bd\u03ae \u03c0\u03b5\u03af\u03c1\u03b1 \u03cc\u03c3\u03bf\u03bd \u03b1\u03c6\u03bf\u03c1\u03ac \u03c4\u03b9\u03c2 \u03c0\u03bf\u03bb\u03b9\u03c4\u03b9\u03ba\u03ad\u03c2 \u03c4\u03b7\u03c2 \u0395\u0395 \u03ba\u03b1\u03b9 \u03c4\u03b9\u03c2 \u03b5\u03c0\u03b9\u03c7\u03b5\u03b9\u03c1\u03b7\u03c3\u03b9\u03b1\u03ba\u03ad\u03c2 \u03bb\u03b5\u03c0\u03c4\u03bf\u03bc\u03ad\u03c1\u03b5\u03b9\u03b5\u03c2 \u03c4\u03c9\u03bd \u03c7\u03c1\u03b7\u03bc\u03b1\u03c4\u03bf\u03b4\u03bf\u03c4\u03b9\u03ba\u03ce\u03bd \u03bc\u03ad\u03c3\u03c9\u03bd \u03c4\u03b7\u03c2 \u0395\u0395, \u03c4\u03c9\u03bd \u03b4\u03b9\u03b1\u03b4\u03b9\u03ba\u03b1\u03c3\u03b9\u03ce\u03bd \u03c5\u03c0\u03bf\u03b2\u03bf\u03bb\u03ae\u03c2 \u03c0\u03c1\u03bf\u03c3\u03c6\u03bf\u03c1\u03ce\u03bd \u03ba\u03b1\u03b9 \u03c3\u03cd\u03bd\u03b1\u03c8\u03b7\u03c2 \u03c3\u03c5\u03bc\u03b2\u03ac\u03c3\u03b5\u03c9\u03bd \u03ba\u03b1\u03b9 \u03b4\u03b9\u03b1\u03c7\u03b5\u03af\u03c1\u03b9\u03c3\u03b7\u03c2, \u03c0\u03b1\u03c1\u03b1\u03ba\u03bf\u03bb\u03bf\u03cd\u03b8\u03b7\u03c3\u03b7\u03c2 \u03ba\u03b1\u03b9 \u03b1\u03be\u03b9\u03bf\u03bb\u03cc\u03b3\u03b7\u03c3\u03b7\u03c2 \u03ad\u03c1\u03b3\u03c9\u03bd.<\/p>\n\n\n\n<p>\u0395\u03bd\u03c4\u03ac\u03c7\u03b8\u03b7\u03ba\u03b5 \u03c3\u03c4\u03b7\u03bd \u03bf\u03bc\u03ac\u03b4\u03b1 \u03c4\u03bf\u03bd \u0399\u03b1\u03bd\u03bf\u03c5\u03ac\u03c1\u03b9\u03bf \u03c4\u03bf\u03c5 2019 \u03ba\u03b1\u03b9, \u03b1\u03bd \u03ba\u03b1\u03b9 \u03c3\u03c7\u03b5\u03c4\u03b9\u03ba\u03ac \u03bd\u03ad\u03b1 \u03c3\u03c4\u03bf \u03ad\u03c1\u03b3\u03bf, \u03b5\u03af\u03bd\u03b1\u03b9 \u03c0\u03bb\u03ae\u03c1\u03c9\u03c2 \u03b1\u03c6\u03bf\u03c3\u03b9\u03c9\u03bc\u03ad\u03bd\u03b7 \u03c3\u03c4\u03b7 \u03b2\u03b5\u03bb\u03c4\u03af\u03c9\u03c3\u03b7 \u03c4\u03bf\u03c5 \u03c1\u03cc\u03bb\u03bf\u03c5 \u03ba\u03b1\u03b9 \u03c4\u03c9\u03bd \u03b4\u03c5\u03bd\u03b1\u03c4\u03bf\u03c4\u03ae\u03c4\u03c9\u03bd \u03c4\u03c9\u03bd \u03a4\u03bf\u03c5\u03c1\u03ba\u03bf\u03ba\u03c5\u03c0\u03c1\u03b9\u03b1\u03ba\u03ce\u03bd \u039f\u03c1\u03b3\u03b1\u03bd\u03ce\u03c3\u03b5\u03c9\u03bd \u03c4\u03b7\u03c2 \u039a\u03bf\u03b9\u03bd\u03c9\u03bd\u03af\u03b1\u03c2 \u03c4\u03c9\u03bd \u03a0\u03bf\u03bb\u03b9\u03c4\u03ce\u03bd. \u039a\u03b1\u03b8\u03ce\u03c2 \u03b5\u03be\u03bf\u03b9\u03ba\u03b5\u03b9\u03ce\u03bd\u03b5\u03c4\u03b1\u03b9 \u03bc\u03b5 \u03c4\u03bf \u03ba\u03c5\u03c0\u03c1\u03b9\u03b1\u03ba\u03cc \u03c0\u03bb\u03b1\u03af\u03c3\u03b9\u03bf \u03ad\u03c7\u03b5\u03b9 \u03b1\u03bd\u03b1\u03c0\u03c4\u03cd\u03be\u03b5\u03b9 \u03b9\u03c3\u03c7\u03c5\u03c1\u03cc \u03b5\u03bd\u03b4\u03b9\u03b1\u03c6\u03ad\u03c1\u03bf\u03bd \u03b3\u03b9\u03b1 \u03c4\u03b9\u03c2 \u03b4\u03b9\u03ba\u03bf\u03b9\u03bd\u03bf\u03c4\u03b9\u03ba\u03ad\u03c2 \u03b4\u03c1\u03ac\u03c3\u03b5\u03b9\u03c2 \u03ba\u03b1\u03b9 \u03b5\u03af\u03bd\u03b1\u03b9 \u03c0\u03c1\u03cc\u03b8\u03c5\u03bc\u03b7 \u03bd\u03b1 \u03c3\u03c4\u03b7\u03c1\u03af\u03be\u03b5\u03b9 \u03c4\u03b7\u03bd \u03b1\u03c5\u03be\u03b7\u03bc\u03ad\u03bd\u03b7 \u03c3\u03c5\u03bd\u03b5\u03c1\u03b3\u03b1\u03c3\u03af\u03b1 \u03bc\u03b5\u03c4\u03b1\u03be\u03cd E\u03bb\u03bb\u03b7\u03bd\u03bf\u03ba\u03c5\u03c0\u03c1\u03b9\u03b1\u03ba\u03ce\u03bd \u03ba\u03b1\u03b9 \u03a4\u03bf\u03c5\u03c1\u03ba\u03bf\u03ba\u03c5\u03c0\u03c1\u03b9\u03b1\u03ba\u03ce\u03bd \u039f\u039a\u03a0.<\/p>","protected":false},"excerpt":{"rendered":"<p>Uluslararas\u0131 kalk\u0131nma i\u015fbirli\u011fi alan\u0131nda 20 y\u0131ldan fazla deneyime sahip olan Evrim Peker, Filistin, Fas, Benin, Gabon, Mali ve Kongo Demokratik Cumhuriyeti gibi \u00fclkelerde \u00e7al\u0131\u015fm\u0131\u015ft\u0131r. Bel\u00e7ika vatanda\u015f\u0131 olan ve Frans\u0131zca, T\u00fcrk\u00e7e&hellip;<\/p>","protected":false},"author":11,"featured_media":616,"comment_status":"closed","ping_status":"closed","sticky":false,"template":"","format":"standard","meta":{"_acf_changed":false,"footnotes":""},"categories":[5],"tags":[],"sto_cats":[],"sto_thematicfields":[],"sto_thematicfields2":[],"sto_regions":[],"sto_countries":[],"class_list":["post-615","post","type-post","status-publish","format-standard","has-post-thumbnail","hentry","category-team"],"acf":[],"_links":{"self":[{"href":"https:\/\/civicspace.eu\/gr\/wp-json\/wp\/v2\/posts\/615","targetHints":{"allow":["GET"]}}],"collection":[{"href":"https:\/\/civicspace.eu\/gr\/wp-json\/wp\/v2\/posts"}],"about":[{"href":"https:\/\/civicspace.eu\/gr\/wp-json\/wp\/v2\/types\/post"}],"author":[{"embeddable":true,"href":"https:\/\/civicspace.eu\/gr\/wp-json\/wp\/v2\/users\/11"}],"replies":[{"embeddable":true,"href":"https:\/\/civicspace.eu\/gr\/wp-json\/wp\/v2\/comments?post=615"}],"version-history":[{"count":7,"href":"https:\/\/civicspace.eu\/gr\/wp-json\/wp\/v2\/posts\/615\/revisions"}],"predecessor-version":[{"id":8962,"href":"https:\/\/civicspace.eu\/gr\/wp-json\/wp\/v2\/posts\/615\/revisions\/8962"}],"wp:featuredmedia":[{"embeddable":true,"href":"https:\/\/civicspace.eu\/gr\/wp-json\/wp\/v2\/media\/616"}],"wp:attachment":[{"href":"https:\/\/civicspace.eu\/gr\/wp-json\/wp\/v2\/media?parent=615"}],"wp:term":[{"taxonomy":"category","embeddable":true,"href":"https:\/\/civicspace.eu\/gr\/wp-json\/wp\/v2\/categories?post=615"},{"taxonomy":"post_tag","embeddable":true,"href":"https:\/\/civicspace.eu\/gr\/wp-json\/wp\/v2\/tags?post=615"},{"taxonomy":"sto_cats","embeddable":true,"href":"https:\/\/civicspace.eu\/gr\/wp-json\/wp\/v2\/sto_cats?post=615"},{"taxonomy":"sto_thematicfields","embeddable":true,"href":"https:\/\/civicspace.eu\/gr\/wp-json\/wp\/v2\/sto_thematicfields?post=615"},{"taxonomy":"sto_thematicfields2","embeddable":true,"href":"https:\/\/civicspace.eu\/gr\/wp-json\/wp\/v2\/sto_thematicfields2?post=615"},{"taxonomy":"sto_regions","embeddable":true,"href":"https:\/\/civicspace.eu\/gr\/wp-json\/wp\/v2\/sto_regions?post=615"},{"taxonomy":"sto_countries","embeddable":true,"href":"https:\/\/civicspace.eu\/gr\/wp-json\/wp\/v2\/sto_countries?post=615"}],"curies":[{"name":"wp","href":"https:\/\/api.w.org\/{rel}","templated":true}]}}