{"id":9414,"date":"2023-12-22T17:41:46","date_gmt":"2023-12-22T15:41:46","guid":{"rendered":"https:\/\/civicspace.eu\/?p=9414"},"modified":"2023-12-26T10:33:19","modified_gmt":"2023-12-26T08:33:19","slug":"yeni-sivil-buyu-programi-basliyor","status":"publish","type":"post","link":"https:\/\/civicspace.eu\/gr\/yeni-sivil-buyu-programi-basliyor\/","title":{"rendered":"Yeni Sivil B\u00fcy\u00fc Program\u0131 Ba\u015fl\u0131yor!"},"content":{"rendered":"<p>Sivil B\u00fcy\u00fc tekrar a\u00e7\u0131l\u0131yor! 25 Aral\u0131k 2023 tarihini takviminize kaydedin ve daha fazla bilgi almak i\u00e7in Sivil Alan ekibinden randevu almay\u0131 unutmay\u0131n!<\/p>\n\n\n\n<p>\u00d6nceki d\u00f6nemini ba\u015far\u0131yla tamamlamas\u0131n\u0131n ard\u0131ndan, Sivil B\u00fcy\u00fc Program\u0131 25 Aral\u0131k 2023 itibar\u0131yla yeniden destek taleplerine a\u00e7\u0131l\u0131yor. Takviminize not edin ve b\u00fcy\u00fck g\u00fcn i\u00e7in haz\u0131r olun!<\/p>\n\n\n\n<p>2016 ile 2023 y\u0131llar\u0131 aras\u0131nda, k\u0131sa aralar d\u0131\u015f\u0131nda s\u00fcrekli devam eden aktif yurtta\u015fl\u0131k mekanizmam\u0131z Sivil B\u00fcy\u00fc, aktivistler ve sivil toplum \u00f6rg\u00fctleri taraf\u0131ndan y\u00f6netilen hak temelli, toplum yarar\u0131 g\u00fcden giri\u015fimlere esnek, \u015feffaf ve kolay eri\u015filebilir destek sa\u011flad\u0131. Bug\u00fcne dek, 279 destek talebi al\u0131nd\u0131 ve yakla\u015f\u0131k 320,000 EUR tutar\u0131nda destek 116 \u00e7al\u0131\u015fman\u0131n ba\u015far\u0131yla uygulanmas\u0131 i\u00e7in tahsis edildi.<\/p>\n\n\n\n<p>Sa\u011flanan deste\u011fin b\u00fct\u00fcnc\u00fcl olmas\u0131 amac\u0131n\u0131 g\u00fcden Sivil Alan ekibi, Sivil B\u00fcy\u00fc Program\u0131\u2019ndan yararlanmak isteyenlerin bilgi ve rehberlik ihtiya\u00e7lar\u0131n\u0131 kar\u015f\u0131lamak amac\u0131yla Program\u0131n t\u00fcm a\u015famalar\u0131na dair destek sa\u011flamak i\u00e7in Sivil Alan ekibi haz\u0131rd\u0131r. Bug\u00fcne dek talep \u00f6ncesi ve uygulama d\u00f6nemlerine ili\u015fkin 3,596 destek masas\u0131 talebi, ekibimiz taraf\u0131ndan \u00f6zenle kar\u015f\u0131lanm\u0131\u015ft\u0131r.<\/p>\n\n\n\n<p>Sivil B\u00fcy\u00fc Program\u0131, b\u00fcy\u00fck \u00f6l\u00e7ekli AB veya di\u011fer don\u00f6r hibelerine eri\u015fimi olamayan taban \u00f6rg\u00fctlerinin, yerel \u00f6rg\u00fctlerin ve aktivistlerin ihtiya\u00e7lar\u0131n\u0131 kar\u015f\u0131lamak ve sivil toplumun kapasitesini art\u0131rmak amac\u0131 g\u00fcden pratik bir kapasite g\u00fc\u00e7lendirme arac\u0131d\u0131r.<\/p>\n\n\n\n<p>Sivil B\u00fcy\u00fc Program\u0131&#8217;n\u0131n hedefleri \u00e7e\u015fitlidir ve yeni hak temelli giri\u015fim\/\u00f6rg\u00fctlerin olu\u015fturulmas\u0131, mevcut sivil toplum kapasitesinin art\u0131r\u0131lmas\u0131, tematik koalisyonlar\u0131n olu\u015fturulmas\u0131, demokrasi, temel insan haklar\u0131, AB de\u011ferleri ve ilkelerinin korunmas\u0131 ve te\u015fvik edilmesi gibi \u00f6ncelikleri i\u00e7erir. Program, ayr\u0131ca etkile\u015fimi art\u0131rmay\u0131, g\u00f6r\u00fcn\u00fcrl\u00fc\u011f\u00fc, diyalogu ve i\u015f birli\u011fini te\u015fvik etmeyi ve g\u00fc\u00e7lendirilmi\u015f ve s\u00fcrd\u00fcr\u00fclebilir hak temelli eylemlilik i\u00e7in \u00f6rg\u00fctlerin kapasitelerini g\u00fc\u00e7lendirmeyi ama\u00e7lamaktad\u0131r.<\/p>\n\n\n\n<p>Sivil B\u00fcy\u00fc Program\u0131\u2019n\u0131n yeni d\u00f6nemi, 25 Aral\u0131k 2023 tarihinde ba\u015flayacak ve 31 Temmuz 2025 tarihine kadar destek taleplerine a\u00e7\u0131k olacakt\u0131r. Aktivistlere, sivil toplum platformlar\u0131na, a\u011flara, giri\u015fimlere, gruplara, derneklere, vak\u0131flara, kar amac\u0131 g\u00fctmeyen \u015firketlere, sendikalara, yerel kooperatiflere, mesleki \u00f6rg\u00fctlere ve daha fazlas\u0131na nas\u0131l fayda sa\u011flayabilece\u011fine dair daha fazla bilgi i\u00e7in bize ula\u015f\u0131n ve destek masas\u0131 randevunuzu al\u0131n. Tescil edilmi\u015f veya edilmemi\u015f, gerek yerel gerekse toplumlar aras\u0131 d\u00fczeyde olsun, yak\u0131nda a\u00e7\u0131lacak olan Program, farkl\u0131 konular, sekt\u00f6rler ve toplumlar nezdinde olumlu etki yaratmak i\u00e7in tasarland\u0131.<\/p>\n\n\n\n<p>Sivil B\u00fcy\u00fc Program\u0131, hedef ve ihtiya\u00e7 odakl\u0131 yakla\u015f\u0131m\u0131yla uyumlu bi\u00e7imde, sivil toplum akt\u00f6rlerinin farkl\u0131 ihtiya\u00e7lar\u0131na cevap vermek \u00fczere, her biri de\u011fi\u015fik kriterler i\u00e7eren toplam 6 farkl\u0131 destek paketi i\u00e7ermektedir.<\/p>\n\n\n\n<h2 class=\"wp-block-heading\">AKT\u0130V\u0130ST<\/h2>\n\n\n\n<p>Bu destek paketi, K\u0131br\u0131s&#8217;\u0131n kuzeyindeki aktivistlere veya K\u0131br\u0131s Cumhuriyeti\u2019nden aktivistler ile K\u0131br\u0131s\u2019\u0131n kuzeyinden aktivistlerin ortakl\u0131klar\u0131na a\u00e7\u0131kt\u0131r.<\/p>\n\n\n\n<p>Aktivist deste\u011fi i\u00e7in maksimum b\u00fct\u00e7e tahsisi K\u0131br\u0131s\u2019\u0131n kuzeyinden aktivistler i\u00e7in 2,500 EUR&#8217;dur.<\/p>\n\n\n\n<p>E\u011fer talep, K\u0131br\u0131s&#8217;\u0131n kuzeyinden ve K\u0131br\u0131s Cumhuriyeti&#8217;nden aktivist ortakl\u0131\u011f\u0131 i\u00e7eriyorsa tahsis maksimum 4,000 EUR\u2019dur.<\/p>\n\n\n\n<p>\u00c7al\u0131\u015fmalar\u0131n s\u00fcresi 4 ila 10 ay aras\u0131nda olmal\u0131d\u0131r.<\/p>\n\n\n\n<p>Destek sahipleri en fazla 8 uzmanl\u0131k g\u00fcn\u00fc kullan\u0131labilir.<\/p>\n\n\n\n<h2 class=\"wp-block-heading\">TOHUM<\/h2>\n\n\n\n<p>Bu destek paketi, yeni kurulmu\u015f veya daha \u00f6nce AB hibesi veya Sivil B\u00fcy\u00fc deste\u011fi almam\u0131\u015f tescilli veya tescil yapt\u0131rmadan \u00e7al\u0131\u015fan sivil toplum \u00f6rg\u00fctlerine veya \u00e7ok toplumlu inisiyatiflere a\u00e7\u0131kt\u0131r.<\/p>\n\n\n\n<p>Toplum yarar\u0131 g\u00fctmeyen ST\u00d6\u2019ler SADECE toplum yarar\u0131 g\u00fcden ST\u00d6\u2019lerle ortakl\u0131k yapmalar\u0131 durumunda destek alabilirler.<\/p>\n\n\n\n<p>Maksimum b\u00fct\u00e7e tahsisi 3,000 EUR\u2019dur.<\/p>\n\n\n\n<p>\u00c7al\u0131\u015fma s\u00fcresi 4 ila 10 ay aras\u0131nda olmal\u0131d\u0131r.<\/p>\n\n\n\n<p>Destek sahipleri en fazla 8 uzmanl\u0131k g\u00fcn\u00fc kullan\u0131labilir.<\/p>\n\n\n\n<h2 class=\"wp-block-heading\">K\u00d6KLER<\/h2>\n\n\n\n<p>Bu destek paketi, kapasitesi bir noktaya kadar geli\u015fmi\u015f tescilli veya tescil yapt\u0131rmadan \u00e7al\u0131\u015fan sivil toplum \u00f6rg\u00fctlerine veya \u00e7ok toplumlu inisiyatiflere a\u00e7\u0131kt\u0131r.<\/p>\n\n\n\n<p>Toplum yarar\u0131 g\u00fctmeyen ST\u00d6\u2019ler SADECE toplum yarar\u0131 g\u00fcden ST\u00d6\u2019lerle ortakl\u0131k yapmalar\u0131 durumunda destek alabilirler.<\/p>\n\n\n\n<p>Maksimum b\u00fct\u00e7e tahsisi 5,000 EUR\u2019dur.<\/p>\n\n\n\n<p>Aksiyon s\u00fcresi 4 ila 10 ay aras\u0131nda olmal\u0131d\u0131r.<\/p>\n\n\n\n<p>Destek sahipleri en fazla 8 uzmanl\u0131k g\u00fcn\u00fc kullan\u0131labilir.<\/p>\n\n\n\n<h2 class=\"wp-block-heading\">B\u00dcY\u00dcME<\/h2>\n\n\n\n<p>Bu destek paketi, daha \u00f6nce Sivil B\u00fcy\u00fc destekli bir \u00e7al\u0131\u015fma veya AB hibe projesini ba\u015far\u0131yla tamamlayan tescilli veya tescil yapt\u0131rmadan \u00e7al\u0131\u015fan ST\u00d6\u2019ler veya \u00e7ok toplumlu inisiyatiflere a\u00e7\u0131kt\u0131r.<\/p>\n\n\n\n<p>Toplum yarar\u0131 g\u00fctmeyen ST\u00d6\u2019ler SADECE toplum yarar\u0131 g\u00fcden ST\u00d6\u2019lerle ortakl\u0131k yapmalar\u0131 durumunda destek alabilirler.<\/p>\n\n\n\n<p>K\u0131br\u0131s Cumhuriyeti\u2019nden ST\u00d6\u2019ler SADECE K\u0131br\u0131s\u2019\u0131n kuzeyinden bir ST\u00d6 ile ortakl\u0131k yapmalar\u0131 durumunda destek alabilirler.<\/p>\n\n\n\n<p>Maksimum b\u00fct\u00e7e tahsisi 10,000 EUR&#8217;dur.<\/p>\n\n\n\n<p>E\u011fer talep, K\u0131br\u0131s Cumhuriyeti ve K\u0131br\u0131s&#8217;\u0131n kuzeyinden ST\u00d6\u2019lerin ortakl\u0131\u011f\u0131yla yap\u0131l\u0131rsa, b\u00fct\u00e7e tahsisi maksimum 12,000 EUR\u2019dur<\/p>\n\n\n\n<p>Aksiyon s\u00fcresi 6 ila 12 ay aras\u0131nda olmal\u0131d\u0131r.<\/p>\n\n\n\n<p>Destek sahipleri en fazla 10 uzmanl\u0131k g\u00fcn\u00fc kullan\u0131labilir.<\/p>\n\n\n\n<h2 class=\"wp-block-heading\">S\u0130NERJ\u0130<\/h2>\n\n\n\n<p>Bu destek paketi, K\u0131br\u0131s&#8217;taki payda\u015flarla ortakl\u0131k, i\u015f birli\u011fi ve koalisyon kurmak isteyen tescilli veya tescil yapt\u0131rmadan \u00e7al\u0131\u015fan ST\u00d6\u2019ler veya \u00e7ok toplumlu inisiyatiflere a\u00e7\u0131kt\u0131r. Payda\u015flar, di\u011fer ST\u00d6\u2019ler, akademi, yerel kurumlar, i\u015fletmeler vb. olabilir.<\/p>\n\n\n\n<p>Toplum yarar\u0131 g\u00fctmeyen ST\u00d6\u2019ler SADECE toplum yarar\u0131 g\u00fcden ST\u00d6\u2019lerle ortakl\u0131k yapmalar\u0131 durumunda destek alabilirler.<\/p>\n\n\n\n<p>K\u0131br\u0131s Cumhuriyeti\u2019nden ST\u00d6\u2019ler SADECE K\u0131br\u0131s\u2019\u0131n kuzeyinden bir ST\u00d6 ile ortakl\u0131k yapmalar\u0131 durumunda destek alabilirler.<\/p>\n\n\n\n<p>Maksimum b\u00fct\u00e7e tahsisi 5,000 EUR&#8217;dur.<\/p>\n\n\n\n<p>E\u011fer talep, K\u0131br\u0131s Cumhuriyeti ve K\u0131br\u0131s\u2019\u0131n kuzeyinden ST\u00d6\u2019lerin ortakl\u0131\u011f\u0131yla yap\u0131l\u0131rsa, b\u00fct\u00e7e tahsisi maksimum 6,000 EUR&#8217;dur.<\/p>\n\n\n\n<p>Aksiyonlar\u0131n s\u00fcresi 4 ila 10 ay aras\u0131nda olmal\u0131d\u0131r.<\/p>\n\n\n\n<p>Destek sahipleri en fazla 8 uzmanl\u0131k g\u00fcn\u00fc kullan\u0131labilir.<\/p>\n\n\n\n<h2 class=\"wp-block-heading\">HAREKETL\u0130L\u0130K<\/h2>\n\n\n\n<p>Bu destek paketi, di\u011fer AB \u00dcye Devletleri, Avrupa Ekonomik Toplulu\u011fu veya IPA \u00fclkelerindeki ST\u00d6\u2019ler ile \u00e7al\u0131\u015fma ziyaretleri d\u00fczenlemek, uluslararas\u0131 veya AB \u00e7ap\u0131nda etkinliklere kat\u0131lmak, a\u011f kurma faaliyetleri ger\u00e7ekle\u015ftirmek gibi \u00e7al\u0131\u015fmalar yapmak isteyen tesilli veya tescil yapmadan \u00e7al\u0131\u015fan ST\u00d6&#8217;ler veya \u00e7ok toplumlu inisiyatiflere a\u00e7\u0131kt\u0131r.<\/p>\n\n\n\n<p>Toplum yarar\u0131 g\u00fctmeyen ST\u00d6\u2019ler SADECE toplum yarar\u0131 g\u00fcden ST\u00d6\u2019lerle ortakl\u0131k yapmalar\u0131 durumunda destek alabilirler.<\/p>\n\n\n\n<p>K\u0131br\u0131s Cumhuriyeti\u2019nden ST\u00d6\u2019ler SADECE K\u0131br\u0131s\u2019\u0131n kuzeyinden bir ST\u00d6 ile ortakl\u0131k yapmalar\u0131 durumunda destek alabilirler.<\/p>\n\n\n\n<p>Maksimum b\u00fct\u00e7e tahsisi 12,000 EUR&#8217;dur.<\/p>\n\n\n\n<p>E\u011fer talep, K\u0131br\u0131s Cumhuriyeti ve K\u0131br\u0131s\u2019\u0131n kuzeyindeki ST\u00d6\u2019lerin ortakl\u0131\u011f\u0131yla yap\u0131l\u0131rsa, b\u00fct\u00e7e tahsisi maksimum 15,000 EUR&#8217;dur.<\/p>\n\n\n\n<p>Aksiyonlar\u0131n s\u00fcresi 6 ila 12 ay aras\u0131nda olmal\u0131d\u0131r.<\/p>\n\n\n\n<p>Destek sahipleri en fazla 8 uzmanl\u0131k g\u00fcn\u00fc kullan\u0131labilir.<\/p>\n\n\n\n<p>Sivil Alan, Avrupa Birli\u011fi taraf\u0131ndan finanse edilen ve toplam b\u00fct\u00e7esi 3,499,550 Euro olan bir projedir. Projenin amac\u0131, K\u0131br\u0131s T\u00fcrk toplumunda demokratik de\u011fi\u015fimleri ve g\u00fcven yarat\u0131c\u0131 \u00f6nlemleri destekleyen daha g\u00fc\u00e7l\u00fc bir sivil toplumun olu\u015fturulmas\u0131na katk\u0131da bulunmakt\u0131r.<\/p>","protected":false},"excerpt":{"rendered":"<p>Sivil B\u00fcy\u00fc tekrar a\u00e7\u0131l\u0131yor! 25 Aral\u0131k 2023 tarihini takviminize kaydedin ve daha fazla bilgi almak i\u00e7in Sivil Alan ekibinden randevu almay\u0131 unutmay\u0131n!<\/p>","protected":false},"author":17,"featured_media":9498,"comment_status":"closed","ping_status":"closed","sticky":false,"template":"","format":"standard","meta":{"_acf_changed":false,"footnotes":""},"categories":[2],"tags":[],"sto_cats":[],"sto_thematicfields":[],"sto_thematicfields2":[],"sto_regions":[],"sto_countries":[],"class_list":["post-9414","post","type-post","status-publish","format-standard","has-post-thumbnail","hentry","category-haberler"],"acf":[],"_links":{"self":[{"href":"https:\/\/civicspace.eu\/gr\/wp-json\/wp\/v2\/posts\/9414","targetHints":{"allow":["GET"]}}],"collection":[{"href":"https:\/\/civicspace.eu\/gr\/wp-json\/wp\/v2\/posts"}],"about":[{"href":"https:\/\/civicspace.eu\/gr\/wp-json\/wp\/v2\/types\/post"}],"author":[{"embeddable":true,"href":"https:\/\/civicspace.eu\/gr\/wp-json\/wp\/v2\/users\/17"}],"replies":[{"embeddable":true,"href":"https:\/\/civicspace.eu\/gr\/wp-json\/wp\/v2\/comments?post=9414"}],"version-history":[{"count":4,"href":"https:\/\/civicspace.eu\/gr\/wp-json\/wp\/v2\/posts\/9414\/revisions"}],"predecessor-version":[{"id":9502,"href":"https:\/\/civicspace.eu\/gr\/wp-json\/wp\/v2\/posts\/9414\/revisions\/9502"}],"wp:featuredmedia":[{"embeddable":true,"href":"https:\/\/civicspace.eu\/gr\/wp-json\/wp\/v2\/media\/9498"}],"wp:attachment":[{"href":"https:\/\/civicspace.eu\/gr\/wp-json\/wp\/v2\/media?parent=9414"}],"wp:term":[{"taxonomy":"category","embeddable":true,"href":"https:\/\/civicspace.eu\/gr\/wp-json\/wp\/v2\/categories?post=9414"},{"taxonomy":"post_tag","embeddable":true,"href":"https:\/\/civicspace.eu\/gr\/wp-json\/wp\/v2\/tags?post=9414"},{"taxonomy":"sto_cats","embeddable":true,"href":"https:\/\/civicspace.eu\/gr\/wp-json\/wp\/v2\/sto_cats?post=9414"},{"taxonomy":"sto_thematicfields","embeddable":true,"href":"https:\/\/civicspace.eu\/gr\/wp-json\/wp\/v2\/sto_thematicfields?post=9414"},{"taxonomy":"sto_thematicfields2","embeddable":true,"href":"https:\/\/civicspace.eu\/gr\/wp-json\/wp\/v2\/sto_thematicfields2?post=9414"},{"taxonomy":"sto_regions","embeddable":true,"href":"https:\/\/civicspace.eu\/gr\/wp-json\/wp\/v2\/sto_regions?post=9414"},{"taxonomy":"sto_countries","embeddable":true,"href":"https:\/\/civicspace.eu\/gr\/wp-json\/wp\/v2\/sto_countries?post=9414"}],"curies":[{"name":"wp","href":"https:\/\/api.w.org\/{rel}","templated":true}]}}